{"id":62559,"date":"2026-03-23T17:42:14","date_gmt":"2026-03-23T17:42:14","guid":{"rendered":"https:\/\/exhibits.cl\/cl\/?p=62559"},"modified":"2026-03-25T23:21:41","modified_gmt":"2026-03-25T23:21:41","slug":"mca-festival-2025","status":"publish","type":"post","link":"https:\/\/exhibits.cl\/cl\/mca-festival-2025\/","title":{"rendered":"MCA Festival 2025"},"content":{"rendered":"\t\t<div data-elementor-type=\"wp-post\" data-elementor-id=\"62559\" class=\"elementor elementor-62559\">\n\t\t\t\t\t\t<section class=\"elementor-section elementor-top-section elementor-element elementor-element-47e55431 elementor-section-boxed elementor-section-height-default elementor-section-height-default sc_fly_static\" data-id=\"47e55431\" data-element_type=\"section\" data-e-type=\"section\" data-settings=\"{&quot;shape_divider_top&quot;:&quot;triangle-asymmetrical&quot;}\">\n\t\t\t\t\t<div class=\"elementor-shape elementor-shape-top\" aria-hidden=\"true\" data-negative=\"false\">\n\t\t\t<svg xmlns=\"http:\/\/www.w3.org\/2000\/svg\" viewBox=\"0 0 1000 100\" preserveAspectRatio=\"none\">\n\t<path class=\"elementor-shape-fill\" d=\"M738,99l262-93V0H0v5.6L738,99z\"\/>\n<\/svg>\t\t<\/div>\n\t\t\t\t\t<div class=\"elementor-container elementor-column-gap-extended\">\n\t\t\t\t\t<div class=\"elementor-column elementor-col-100 elementor-top-column elementor-element elementor-element-4a54339f sc_content_align_inherit sc_layouts_column_icons_position_left sc_fly_static\" data-id=\"4a54339f\" data-element_type=\"column\" data-e-type=\"column\">\n\t\t\t<div class=\"elementor-widget-wrap elementor-element-populated\">\n\t\t\t\t\t\t<div class=\"elementor-element elementor-element-56864a54 sc_fly_static elementor-widget elementor-widget-text-editor\" data-id=\"56864a54\" data-element_type=\"widget\" data-e-type=\"widget\" data-widget_type=\"text-editor.default\">\n\t\t\t\t<div class=\"elementor-widget-container\">\n\t\t\t\t\t\t\t\t\t<p><strong>MCA Festival<\/strong> es el punto de encuentro de Desarrollo Humano m\u00e1s grande y pionero en Chile y Latinoam\u00e9rica, que invita a todas las personas a vivir, disfrutar y compartir durante 3 d\u00edas una experiencia transformadora para el cuerpo, la mente y alma. Es una sugerencia para conectar con nuestro sentido de prop\u00f3sito individual\/colectivo para que juntos en unidad construyamos una sociedad mucho m\u00e1s humana, pac\u00edfica, sustentable, compasiva, inclusiva y amorosa.<\/p><p>Sus 8 versiones: 2012, 2013, 2015, 2017, 2018, 2019, 2023 Y 2025 realizadas en Santiago y Concepci\u00f3n, han sido un tremendo \u00e9xito en t\u00e9rminos de visitantes, calidad y prestigio de sus relatores nacionales e internacionales, expositores, talleres vivenciales, y un consistente y creciente inter\u00e9s por parte de la comunidad.<\/p><p>Creemos que el desarrollo de la conciencia es uno de los principales aspectos, que nos permite trascender como seres humanos y que, junto a una renovaci\u00f3n de paradigmas podemos co-crear juntos un planeta m\u00e1s consciente, feliz, fraterno, colaborativo y saludable en todos los aspectos.<\/p><p><!-- \/wp:paragraph --><\/p>\t\t\t\t\t\t\t\t<\/div>\n\t\t\t\t<\/div>\n\t\t\t\t<div class=\"elementor-element elementor-element-a780b2e sc_fly_static elementor-widget elementor-widget-spacer\" data-id=\"a780b2e\" data-element_type=\"widget\" data-e-type=\"widget\" data-widget_type=\"spacer.default\">\n\t\t\t\t<div class=\"elementor-widget-container\">\n\t\t\t\t\t\t\t<div class=\"elementor-spacer\">\n\t\t\t<div class=\"elementor-spacer-inner\"><\/div>\n\t\t<\/div>\n\t\t\t\t\t\t<\/div>\n\t\t\t\t<\/div>\n\t\t\t\t\t<\/div>\n\t\t<\/div>\n\t\t\t\t\t<\/div>\n\t\t<\/section>\n\t\t\t\t<section class=\"elementor-section elementor-top-section elementor-element elementor-element-7b58f36 elementor-section-boxed elementor-section-height-default elementor-section-height-default sc_fly_static\" data-id=\"7b58f36\" data-element_type=\"section\" data-e-type=\"section\">\n\t\t\t\t\t\t<div class=\"elementor-container elementor-column-gap-extended\">\n\t\t\t\t\t<div class=\"elementor-column elementor-col-100 elementor-top-column elementor-element elementor-element-839dea6 sc_content_align_inherit sc_layouts_column_icons_position_left sc_fly_static\" data-id=\"839dea6\" data-element_type=\"column\" data-e-type=\"column\">\n\t\t\t<div class=\"elementor-widget-wrap elementor-element-populated\">\n\t\t\t\t\t\t<div class=\"elementor-element elementor-element-6f377df elementor-arrows-position-inside elementor-pagination-position-outside sc_fly_static elementor-widget elementor-widget-image-carousel\" data-id=\"6f377df\" data-element_type=\"widget\" data-e-type=\"widget\" data-settings=\"{&quot;lazyload&quot;:&quot;yes&quot;,&quot;autoplay_speed&quot;:3000,&quot;navigation&quot;:&quot;both&quot;,&quot;autoplay&quot;:&quot;yes&quot;,&quot;pause_on_hover&quot;:&quot;yes&quot;,&quot;pause_on_interaction&quot;:&quot;yes&quot;,&quot;infinite&quot;:&quot;yes&quot;,&quot;speed&quot;:500}\" data-widget_type=\"image-carousel.default\">\n\t\t\t\t<div class=\"elementor-widget-container\">\n\t\t\t\t\t\t\t<div class=\"elementor-image-carousel-wrapper swiper\" role=\"region\" aria-roledescription=\"carousel\" aria-label=\"Carrusel de im\u00e1genes\" dir=\"ltr\">\n\t\t\t<div class=\"elementor-image-carousel swiper-wrapper\" aria-live=\"off\">\n\t\t\t\t\t\t\t\t<div class=\"swiper-slide\" role=\"group\" aria-roledescription=\"slide\" aria-label=\"1 de 16\"><figure class=\"swiper-slide-inner\"><img class=\"swiper-slide-image swiper-lazy\" data-src=\"https:\/\/exhibits.cl\/cl\/wp-content\/uploads\/2026\/03\/DSC04817-300x200.jpg\" alt=\"DSC04817\" \/><div class=\"swiper-lazy-preloader\"><\/div><\/figure><\/div><div class=\"swiper-slide\" role=\"group\" aria-roledescription=\"slide\" aria-label=\"2 de 16\"><figure class=\"swiper-slide-inner\"><img class=\"swiper-slide-image swiper-lazy\" data-src=\"https:\/\/exhibits.cl\/cl\/wp-content\/uploads\/2026\/03\/DSC02785-300x200.jpg\" alt=\"DSC02785\" \/><div class=\"swiper-lazy-preloader\"><\/div><\/figure><\/div><div class=\"swiper-slide\" role=\"group\" aria-roledescription=\"slide\" aria-label=\"3 de 16\"><figure class=\"swiper-slide-inner\"><img class=\"swiper-slide-image swiper-lazy\" data-src=\"https:\/\/exhibits.cl\/cl\/wp-content\/uploads\/2026\/03\/DSC04817-1-300x200.jpg\" alt=\"DSC04817\" \/><div class=\"swiper-lazy-preloader\"><\/div><\/figure><\/div><div class=\"swiper-slide\" role=\"group\" aria-roledescription=\"slide\" aria-label=\"4 de 16\"><figure class=\"swiper-slide-inner\"><img class=\"swiper-slide-image swiper-lazy\" data-src=\"https:\/\/exhibits.cl\/cl\/wp-content\/uploads\/2026\/03\/DSC04823-Mejorado-NR-300x200.jpg\" alt=\"DSC04823-Mejorado-NR\" \/><div class=\"swiper-lazy-preloader\"><\/div><\/figure><\/div><div class=\"swiper-slide\" role=\"group\" aria-roledescription=\"slide\" aria-label=\"5 de 16\"><figure class=\"swiper-slide-inner\"><img class=\"swiper-slide-image swiper-lazy\" data-src=\"https:\/\/exhibits.cl\/cl\/wp-content\/uploads\/2026\/03\/galeria01_batch-1-300x200.jpg\" alt=\"galeria01_batch\" \/><div class=\"swiper-lazy-preloader\"><\/div><\/figure><\/div><div class=\"swiper-slide\" role=\"group\" aria-roledescription=\"slide\" aria-label=\"6 de 16\"><figure class=\"swiper-slide-inner\"><img class=\"swiper-slide-image swiper-lazy\" data-src=\"https:\/\/exhibits.cl\/cl\/wp-content\/uploads\/2026\/03\/galeria02_batch-1-300x200.jpg\" alt=\"galeria02_batch\" \/><div class=\"swiper-lazy-preloader\"><\/div><\/figure><\/div><div class=\"swiper-slide\" role=\"group\" aria-roledescription=\"slide\" aria-label=\"7 de 16\"><figure class=\"swiper-slide-inner\"><img class=\"swiper-slide-image swiper-lazy\" data-src=\"https:\/\/exhibits.cl\/cl\/wp-content\/uploads\/2026\/03\/MCA-Daniel-Dom-196-300x200.jpg\" alt=\"MCA Daniel Dom-196\" \/><div class=\"swiper-lazy-preloader\"><\/div><\/figure><\/div><div class=\"swiper-slide\" role=\"group\" aria-roledescription=\"slide\" aria-label=\"8 de 16\"><figure class=\"swiper-slide-inner\"><img class=\"swiper-slide-image swiper-lazy\" data-src=\"https:\/\/exhibits.cl\/cl\/wp-content\/uploads\/2026\/03\/galeria07-300x200.jpg\" alt=\"galeria07\" \/><div class=\"swiper-lazy-preloader\"><\/div><\/figure><\/div><div class=\"swiper-slide\" role=\"group\" aria-roledescription=\"slide\" aria-label=\"9 de 16\"><figure class=\"swiper-slide-inner\"><img class=\"swiper-slide-image swiper-lazy\" data-src=\"https:\/\/exhibits.cl\/cl\/wp-content\/uploads\/2026\/03\/MCA-Daniel-Dom-382-300x200.jpg\" alt=\"MCA Daniel Dom-382\" \/><div class=\"swiper-lazy-preloader\"><\/div><\/figure><\/div><div class=\"swiper-slide\" role=\"group\" aria-roledescription=\"slide\" aria-label=\"10 de 16\"><figure class=\"swiper-slide-inner\"><img class=\"swiper-slide-image swiper-lazy\" data-src=\"https:\/\/exhibits.cl\/cl\/wp-content\/uploads\/2026\/03\/MCA-Daniel-Sab-302-300x200.jpg\" alt=\"MCA Daniel Sab-302\" \/><div class=\"swiper-lazy-preloader\"><\/div><\/figure><\/div><div class=\"swiper-slide\" role=\"group\" aria-roledescription=\"slide\" aria-label=\"11 de 16\"><figure class=\"swiper-slide-inner\"><img class=\"swiper-slide-image swiper-lazy\" data-src=\"https:\/\/exhibits.cl\/cl\/wp-content\/uploads\/2026\/03\/MCA-Daniel-Sab-305-300x200.jpg\" alt=\"MCA Daniel Sab-305\" \/><div class=\"swiper-lazy-preloader\"><\/div><\/figure><\/div><div class=\"swiper-slide\" role=\"group\" aria-roledescription=\"slide\" aria-label=\"12 de 16\"><figure class=\"swiper-slide-inner\"><img class=\"swiper-slide-image swiper-lazy\" data-src=\"https:\/\/exhibits.cl\/cl\/wp-content\/uploads\/2026\/03\/MCA-Daniel-Sab-437-300x200.jpg\" alt=\"MCA Daniel Sab-437\" \/><div class=\"swiper-lazy-preloader\"><\/div><\/figure><\/div><div class=\"swiper-slide\" role=\"group\" aria-roledescription=\"slide\" aria-label=\"13 de 16\"><figure class=\"swiper-slide-inner\"><img class=\"swiper-slide-image swiper-lazy\" data-src=\"https:\/\/exhibits.cl\/cl\/wp-content\/uploads\/2026\/03\/MCA-Daniel-Sab-418-300x200.jpg\" alt=\"MCA Daniel Sab-418\" \/><div class=\"swiper-lazy-preloader\"><\/div><\/figure><\/div><div class=\"swiper-slide\" role=\"group\" aria-roledescription=\"slide\" aria-label=\"14 de 16\"><figure class=\"swiper-slide-inner\"><img class=\"swiper-slide-image swiper-lazy\" data-src=\"https:\/\/exhibits.cl\/cl\/wp-content\/uploads\/2026\/03\/MCA-Daniel-Sab-417-300x200.jpg\" alt=\"MCA Daniel Sab-417\" \/><div class=\"swiper-lazy-preloader\"><\/div><\/figure><\/div><div class=\"swiper-slide\" role=\"group\" aria-roledescription=\"slide\" aria-label=\"15 de 16\"><figure class=\"swiper-slide-inner\"><img class=\"swiper-slide-image swiper-lazy\" data-src=\"https:\/\/exhibits.cl\/cl\/wp-content\/uploads\/2026\/03\/DSC02801-300x200.jpg\" alt=\"DSC02801\" \/><div class=\"swiper-lazy-preloader\"><\/div><\/figure><\/div><div class=\"swiper-slide\" role=\"group\" aria-roledescription=\"slide\" aria-label=\"16 de 16\"><figure class=\"swiper-slide-inner\"><img class=\"swiper-slide-image swiper-lazy\" data-src=\"https:\/\/exhibits.cl\/cl\/wp-content\/uploads\/2026\/03\/MCA-Daniel-Dom-328-300x200.jpg\" alt=\"MCA Daniel Dom-328\" \/><div class=\"swiper-lazy-preloader\"><\/div><\/figure><\/div>\t\t\t<\/div>\n\t\t\t\t\t\t\t\t\t\t\t\t<div class=\"elementor-swiper-button elementor-swiper-button-prev\" role=\"button\" tabindex=\"0\">\n\t\t\t\t\t\t<i aria-hidden=\"true\" class=\"eicon-chevron-left\"><\/i>\t\t\t\t\t<\/div>\n\t\t\t\t\t<div class=\"elementor-swiper-button elementor-swiper-button-next\" role=\"button\" tabindex=\"0\">\n\t\t\t\t\t\t<i aria-hidden=\"true\" class=\"eicon-chevron-right\"><\/i>\t\t\t\t\t<\/div>\n\t\t\t\t\n\t\t\t\t\t\t\t\t\t<div class=\"swiper-pagination\"><\/div>\n\t\t\t\t\t\t\t\t\t<\/div>\n\t\t\t\t\t\t<\/div>\n\t\t\t\t<\/div>\n\t\t\t\t\t<\/div>\n\t\t<\/div>\n\t\t\t\t\t<\/div>\n\t\t<\/section>\n\t\t\t\t<\/div>\n\t\t","protected":false},"excerpt":{"rendered":"<p>MCA Festival es el punto de encuentro de Desarrollo Humano m\u00e1s grande y pionero en Chile y Latinoam\u00e9rica, que invita a todas las personas a vivir, disfrutar y compartir durante&hellip;<\/p>\n","protected":false},"author":1,"featured_media":62412,"comment_status":"closed","ping_status":"open","sticky":false,"template":"elementor_header_footer","format":"standard","meta":{"footnotes":""},"categories":[275],"tags":[],"class_list":["post-62559","post","type-post","status-publish","format-standard","has-post-thumbnail","hentry","category-division-desarrollo-humano"],"_links":{"self":[{"href":"https:\/\/exhibits.cl\/cl\/wp-json\/wp\/v2\/posts\/62559","targetHints":{"allow":["GET"]}}],"collection":[{"href":"https:\/\/exhibits.cl\/cl\/wp-json\/wp\/v2\/posts"}],"about":[{"href":"https:\/\/exhibits.cl\/cl\/wp-json\/wp\/v2\/types\/post"}],"author":[{"embeddable":true,"href":"https:\/\/exhibits.cl\/cl\/wp-json\/wp\/v2\/users\/1"}],"replies":[{"embeddable":true,"href":"https:\/\/exhibits.cl\/cl\/wp-json\/wp\/v2\/comments?post=62559"}],"version-history":[{"count":7,"href":"https:\/\/exhibits.cl\/cl\/wp-json\/wp\/v2\/posts\/62559\/revisions"}],"predecessor-version":[{"id":62599,"href":"https:\/\/exhibits.cl\/cl\/wp-json\/wp\/v2\/posts\/62559\/revisions\/62599"}],"wp:featuredmedia":[{"embeddable":true,"href":"https:\/\/exhibits.cl\/cl\/wp-json\/wp\/v2\/media\/62412"}],"wp:attachment":[{"href":"https:\/\/exhibits.cl\/cl\/wp-json\/wp\/v2\/media?parent=62559"}],"wp:term":[{"taxonomy":"category","embeddable":true,"href":"https:\/\/exhibits.cl\/cl\/wp-json\/wp\/v2\/categories?post=62559"},{"taxonomy":"post_tag","embeddable":true,"href":"https:\/\/exhibits.cl\/cl\/wp-json\/wp\/v2\/tags?post=62559"}],"curies":[{"name":"wp","href":"https:\/\/api.w.org\/{rel}","templated":true}]}}