{"id":62524,"date":"2026-03-23T16:56:03","date_gmt":"2026-03-23T16:56:03","guid":{"rendered":"https:\/\/exhibits.cl\/cl\/?p=62524"},"modified":"2026-03-23T17:07:50","modified_gmt":"2026-03-23T17:07:50","slug":"iii-congreso-de-salud-y-educacion-infantil","status":"publish","type":"post","link":"https:\/\/exhibits.cl\/cl\/iii-congreso-de-salud-y-educacion-infantil\/","title":{"rendered":"III Congreso de Salud y Educaci\u00f3n Infantil"},"content":{"rendered":"\t\t<div data-elementor-type=\"wp-post\" data-elementor-id=\"62524\" class=\"elementor elementor-62524\">\n\t\t\t\t\t\t<section class=\"elementor-section elementor-top-section elementor-element elementor-element-47e55431 elementor-section-boxed elementor-section-height-default elementor-section-height-default sc_fly_static\" data-id=\"47e55431\" data-element_type=\"section\" data-e-type=\"section\" data-settings=\"{&quot;shape_divider_top&quot;:&quot;triangle-asymmetrical&quot;}\">\n\t\t\t\t\t<div class=\"elementor-shape elementor-shape-top\" aria-hidden=\"true\" data-negative=\"false\">\n\t\t\t<svg xmlns=\"http:\/\/www.w3.org\/2000\/svg\" viewBox=\"0 0 1000 100\" preserveAspectRatio=\"none\">\n\t<path class=\"elementor-shape-fill\" d=\"M738,99l262-93V0H0v5.6L738,99z\"\/>\n<\/svg>\t\t<\/div>\n\t\t\t\t\t<div class=\"elementor-container elementor-column-gap-extended\">\n\t\t\t\t\t<div class=\"elementor-column elementor-col-100 elementor-top-column elementor-element elementor-element-4a54339f sc_content_align_inherit sc_layouts_column_icons_position_left sc_fly_static\" data-id=\"4a54339f\" data-element_type=\"column\" data-e-type=\"column\">\n\t\t\t<div class=\"elementor-widget-wrap elementor-element-populated\">\n\t\t\t\t\t\t<div class=\"elementor-element elementor-element-56864a54 sc_fly_static elementor-widget elementor-widget-text-editor\" data-id=\"56864a54\" data-element_type=\"widget\" data-e-type=\"widget\" data-widget_type=\"text-editor.default\">\n\t\t\t\t<div class=\"elementor-widget-container\">\n\t\t\t\t\t\t\t\t\t<p>El tercer <strong>Congreso Otro camino es posible: \u201cEducando para la salud en tiempos de crisis\u201d<\/strong>, fue una invitaci\u00f3n de M\u00e9dicos Antropos\u00f3ficos y Educadoras Waldorf a participar de un espacio de reflexi\u00f3n entre profesores, familias, m\u00e9dicos y terapeutas en torno a determinados aspectos que involucran a ni\u00f1os y ni\u00f1as, con el fin de acompa\u00f1arlos efectivamente a lo largo de un proceso educativo saludable (salutog\u00e9nico), que posibilite y favorezca un desarrollo arm\u00f3nico del ser humano en su dimensiones f\u00edsico-biol\u00f3gica, an\u00edmica y espiritual.<\/p><p><!-- \/wp:paragraph --><\/p>\t\t\t\t\t\t\t\t<\/div>\n\t\t\t\t<\/div>\n\t\t\t\t<div class=\"elementor-element elementor-element-a780b2e sc_fly_static elementor-widget elementor-widget-spacer\" data-id=\"a780b2e\" data-element_type=\"widget\" data-e-type=\"widget\" data-widget_type=\"spacer.default\">\n\t\t\t\t<div class=\"elementor-widget-container\">\n\t\t\t\t\t\t\t<div class=\"elementor-spacer\">\n\t\t\t<div class=\"elementor-spacer-inner\"><\/div>\n\t\t<\/div>\n\t\t\t\t\t\t<\/div>\n\t\t\t\t<\/div>\n\t\t\t\t\t<\/div>\n\t\t<\/div>\n\t\t\t\t\t<\/div>\n\t\t<\/section>\n\t\t\t\t<section class=\"elementor-section elementor-top-section elementor-element elementor-element-7b58f36 elementor-section-boxed elementor-section-height-default elementor-section-height-default sc_fly_static\" data-id=\"7b58f36\" data-element_type=\"section\" data-e-type=\"section\">\n\t\t\t\t\t\t<div class=\"elementor-container elementor-column-gap-extended\">\n\t\t\t\t\t<div class=\"elementor-column elementor-col-100 elementor-top-column elementor-element elementor-element-839dea6 sc_content_align_inherit sc_layouts_column_icons_position_left sc_fly_static\" data-id=\"839dea6\" data-element_type=\"column\" data-e-type=\"column\">\n\t\t\t<div class=\"elementor-widget-wrap elementor-element-populated\">\n\t\t\t\t\t\t<div class=\"elementor-element elementor-element-6f377df elementor-arrows-position-inside elementor-pagination-position-outside sc_fly_static elementor-widget elementor-widget-image-carousel\" data-id=\"6f377df\" data-element_type=\"widget\" data-e-type=\"widget\" data-settings=\"{&quot;lazyload&quot;:&quot;yes&quot;,&quot;autoplay_speed&quot;:3000,&quot;navigation&quot;:&quot;both&quot;,&quot;autoplay&quot;:&quot;yes&quot;,&quot;pause_on_hover&quot;:&quot;yes&quot;,&quot;pause_on_interaction&quot;:&quot;yes&quot;,&quot;infinite&quot;:&quot;yes&quot;,&quot;speed&quot;:500}\" data-widget_type=\"image-carousel.default\">\n\t\t\t\t<div class=\"elementor-widget-container\">\n\t\t\t\t\t\t\t<div class=\"elementor-image-carousel-wrapper swiper\" role=\"region\" aria-roledescription=\"carousel\" aria-label=\"Carrusel de im\u00e1genes\" dir=\"ltr\">\n\t\t\t<div class=\"elementor-image-carousel swiper-wrapper\" aria-live=\"off\">\n\t\t\t\t\t\t\t\t<div class=\"swiper-slide\" role=\"group\" aria-roledescription=\"slide\" aria-label=\"1 de 14\"><figure class=\"swiper-slide-inner\"><img class=\"swiper-slide-image swiper-lazy\" data-src=\"https:\/\/exhibits.cl\/cl\/wp-content\/uploads\/2026\/03\/01062018-526-300x200.jpg\" alt=\"01062018-526\" \/><div class=\"swiper-lazy-preloader\"><\/div><\/figure><\/div><div class=\"swiper-slide\" role=\"group\" aria-roledescription=\"slide\" aria-label=\"2 de 14\"><figure class=\"swiper-slide-inner\"><img class=\"swiper-slide-image swiper-lazy\" data-src=\"https:\/\/exhibits.cl\/cl\/wp-content\/uploads\/2026\/03\/01062018-579-300x200.jpg\" alt=\"01062018-579\" \/><div class=\"swiper-lazy-preloader\"><\/div><\/figure><\/div><div class=\"swiper-slide\" role=\"group\" aria-roledescription=\"slide\" aria-label=\"3 de 14\"><figure class=\"swiper-slide-inner\"><img class=\"swiper-slide-image swiper-lazy\" data-src=\"https:\/\/exhibits.cl\/cl\/wp-content\/uploads\/2026\/03\/01062018-1285-300x200.jpg\" alt=\"01062018-1285\" \/><div class=\"swiper-lazy-preloader\"><\/div><\/figure><\/div><div class=\"swiper-slide\" role=\"group\" aria-roledescription=\"slide\" aria-label=\"4 de 14\"><figure class=\"swiper-slide-inner\"><img class=\"swiper-slide-image swiper-lazy\" data-src=\"https:\/\/exhibits.cl\/cl\/wp-content\/uploads\/2026\/03\/01062018-1289-1-300x200.jpg\" alt=\"01062018-1289\" \/><div class=\"swiper-lazy-preloader\"><\/div><\/figure><\/div><div class=\"swiper-slide\" role=\"group\" aria-roledescription=\"slide\" aria-label=\"5 de 14\"><figure class=\"swiper-slide-inner\"><img class=\"swiper-slide-image swiper-lazy\" data-src=\"https:\/\/exhibits.cl\/cl\/wp-content\/uploads\/2026\/03\/01062018-1448-300x200.jpg\" alt=\"01062018-1448\" \/><div class=\"swiper-lazy-preloader\"><\/div><\/figure><\/div><div class=\"swiper-slide\" role=\"group\" aria-roledescription=\"slide\" aria-label=\"6 de 14\"><figure class=\"swiper-slide-inner\"><img class=\"swiper-slide-image swiper-lazy\" data-src=\"https:\/\/exhibits.cl\/cl\/wp-content\/uploads\/2026\/03\/01062018-1475-300x200.jpg\" alt=\"01062018-1475\" \/><div class=\"swiper-lazy-preloader\"><\/div><\/figure><\/div><div class=\"swiper-slide\" role=\"group\" aria-roledescription=\"slide\" aria-label=\"7 de 14\"><figure class=\"swiper-slide-inner\"><img class=\"swiper-slide-image swiper-lazy\" data-src=\"https:\/\/exhibits.cl\/cl\/wp-content\/uploads\/2026\/03\/01062018-1635-300x190.jpg\" alt=\"01062018-1635\" \/><div class=\"swiper-lazy-preloader\"><\/div><\/figure><\/div><div class=\"swiper-slide\" role=\"group\" aria-roledescription=\"slide\" aria-label=\"8 de 14\"><figure class=\"swiper-slide-inner\"><img class=\"swiper-slide-image swiper-lazy\" data-src=\"https:\/\/exhibits.cl\/cl\/wp-content\/uploads\/2026\/03\/01062018-1729-300x200.jpg\" alt=\"01062018-1729\" \/><div class=\"swiper-lazy-preloader\"><\/div><\/figure><\/div><div class=\"swiper-slide\" role=\"group\" aria-roledescription=\"slide\" aria-label=\"9 de 14\"><figure class=\"swiper-slide-inner\"><img class=\"swiper-slide-image swiper-lazy\" data-src=\"https:\/\/exhibits.cl\/cl\/wp-content\/uploads\/2026\/03\/01062018-2211-300x200.jpg\" alt=\"01062018-2211\" \/><div class=\"swiper-lazy-preloader\"><\/div><\/figure><\/div><div class=\"swiper-slide\" role=\"group\" aria-roledescription=\"slide\" aria-label=\"10 de 14\"><figure class=\"swiper-slide-inner\"><img class=\"swiper-slide-image swiper-lazy\" data-src=\"https:\/\/exhibits.cl\/cl\/wp-content\/uploads\/2026\/03\/01062018-2377-300x200.jpg\" alt=\"01062018-2377\" \/><div class=\"swiper-lazy-preloader\"><\/div><\/figure><\/div><div class=\"swiper-slide\" role=\"group\" aria-roledescription=\"slide\" aria-label=\"11 de 14\"><figure class=\"swiper-slide-inner\"><img class=\"swiper-slide-image swiper-lazy\" data-src=\"https:\/\/exhibits.cl\/cl\/wp-content\/uploads\/2026\/03\/01062018-2393-300x200.jpg\" alt=\"01062018-2393\" \/><div class=\"swiper-lazy-preloader\"><\/div><\/figure><\/div><div class=\"swiper-slide\" role=\"group\" aria-roledescription=\"slide\" aria-label=\"12 de 14\"><figure class=\"swiper-slide-inner\"><img class=\"swiper-slide-image swiper-lazy\" data-src=\"https:\/\/exhibits.cl\/cl\/wp-content\/uploads\/2026\/03\/Cecilia-Maureira-Alicia-Fuentes-Paola-Pacheco-300x200.jpg\" alt=\"Cecilia Maureira, Alicia Fuentes, Paola Pacheco\" \/><div class=\"swiper-lazy-preloader\"><\/div><\/figure><\/div><div class=\"swiper-slide\" role=\"group\" aria-roledescription=\"slide\" aria-label=\"13 de 14\"><figure class=\"swiper-slide-inner\"><img class=\"swiper-slide-image swiper-lazy\" data-src=\"https:\/\/exhibits.cl\/cl\/wp-content\/uploads\/2026\/03\/Luciana-Ortega-Katherine-Alanis-Alejandra-Caseres-Guillermo-Rivera-Carola-Reyes.-Escuela-rural-El-cajon-de-sanPedro-300x200.jpg\" alt=\"Luciana Ortega, Katherine Alan\u00eds, Alejandra C\u00e1seres, Guillermo Rivera, Carola Reyes. Escuela rural El cajon de sanPedro\" \/><div class=\"swiper-lazy-preloader\"><\/div><\/figure><\/div><div class=\"swiper-slide\" role=\"group\" aria-roledescription=\"slide\" aria-label=\"14 de 14\"><figure class=\"swiper-slide-inner\"><img class=\"swiper-slide-image swiper-lazy\" data-src=\"https:\/\/exhibits.cl\/cl\/wp-content\/uploads\/2026\/03\/Paola-MaldonadoIrma-Dias-Jennifer-Sanchez-Alejandra-Castro-Paola-Cuadro-Punta-Arenas-300x200.jpg\" alt=\"Paola Maldonado,Irma D\u00edas, Jennifer S\u00e1nchez, Alejandra Castro, Paola Cuadro (Punta Arenas)\" \/><div class=\"swiper-lazy-preloader\"><\/div><\/figure><\/div>\t\t\t<\/div>\n\t\t\t\t\t\t\t\t\t\t\t\t<div class=\"elementor-swiper-button elementor-swiper-button-prev\" role=\"button\" tabindex=\"0\">\n\t\t\t\t\t\t<i aria-hidden=\"true\" class=\"eicon-chevron-left\"><\/i>\t\t\t\t\t<\/div>\n\t\t\t\t\t<div class=\"elementor-swiper-button elementor-swiper-button-next\" role=\"button\" tabindex=\"0\">\n\t\t\t\t\t\t<i aria-hidden=\"true\" class=\"eicon-chevron-right\"><\/i>\t\t\t\t\t<\/div>\n\t\t\t\t\n\t\t\t\t\t\t\t\t\t<div class=\"swiper-pagination\"><\/div>\n\t\t\t\t\t\t\t\t\t<\/div>\n\t\t\t\t\t\t<\/div>\n\t\t\t\t<\/div>\n\t\t\t\t\t<\/div>\n\t\t<\/div>\n\t\t\t\t\t<\/div>\n\t\t<\/section>\n\t\t\t\t<\/div>\n\t\t","protected":false},"excerpt":{"rendered":"<p>El tercer Congreso Otro camino es posible: \u201cEducando para la salud en tiempos de crisis\u201d, fue una invitaci\u00f3n de M\u00e9dicos Antropos\u00f3ficos y Educadoras Waldorf a participar de un espacio de&hellip;<\/p>\n","protected":false},"author":1,"featured_media":62525,"comment_status":"closed","ping_status":"open","sticky":false,"template":"elementor_header_footer","format":"standard","meta":{"footnotes":""},"categories":[307],"tags":[],"class_list":["post-62524","post","type-post","status-publish","format-standard","has-post-thumbnail","hentry","category-division-ferias-congresos"],"_links":{"self":[{"href":"https:\/\/exhibits.cl\/cl\/wp-json\/wp\/v2\/posts\/62524","targetHints":{"allow":["GET"]}}],"collection":[{"href":"https:\/\/exhibits.cl\/cl\/wp-json\/wp\/v2\/posts"}],"about":[{"href":"https:\/\/exhibits.cl\/cl\/wp-json\/wp\/v2\/types\/post"}],"author":[{"embeddable":true,"href":"https:\/\/exhibits.cl\/cl\/wp-json\/wp\/v2\/users\/1"}],"replies":[{"embeddable":true,"href":"https:\/\/exhibits.cl\/cl\/wp-json\/wp\/v2\/comments?post=62524"}],"version-history":[{"count":9,"href":"https:\/\/exhibits.cl\/cl\/wp-json\/wp\/v2\/posts\/62524\/revisions"}],"predecessor-version":[{"id":62548,"href":"https:\/\/exhibits.cl\/cl\/wp-json\/wp\/v2\/posts\/62524\/revisions\/62548"}],"wp:featuredmedia":[{"embeddable":true,"href":"https:\/\/exhibits.cl\/cl\/wp-json\/wp\/v2\/media\/62525"}],"wp:attachment":[{"href":"https:\/\/exhibits.cl\/cl\/wp-json\/wp\/v2\/media?parent=62524"}],"wp:term":[{"taxonomy":"category","embeddable":true,"href":"https:\/\/exhibits.cl\/cl\/wp-json\/wp\/v2\/categories?post=62524"},{"taxonomy":"post_tag","embeddable":true,"href":"https:\/\/exhibits.cl\/cl\/wp-json\/wp\/v2\/tags?post=62524"}],"curies":[{"name":"wp","href":"https:\/\/api.w.org\/{rel}","templated":true}]}}