{"id":62488,"date":"2026-03-23T16:23:59","date_gmt":"2026-03-23T16:23:59","guid":{"rendered":"https:\/\/exhibits.cl\/cl\/?p=62488"},"modified":"2026-03-23T16:40:52","modified_gmt":"2026-03-23T16:40:52","slug":"siad-salon-de-orientacion-alternativas-academicas","status":"publish","type":"post","link":"https:\/\/exhibits.cl\/cl\/siad-salon-de-orientacion-alternativas-academicas\/","title":{"rendered":"SIAD &#8211; Sal\u00f3n de Orientaci\u00f3n &#038; Alternativas Acad\u00e9micas"},"content":{"rendered":"\t\t<div data-elementor-type=\"wp-post\" data-elementor-id=\"62488\" class=\"elementor elementor-62488\">\n\t\t\t\t\t\t<section class=\"elementor-section elementor-top-section elementor-element elementor-element-47e55431 elementor-section-boxed elementor-section-height-default elementor-section-height-default sc_fly_static\" data-id=\"47e55431\" data-element_type=\"section\" data-e-type=\"section\" data-settings=\"{&quot;shape_divider_top&quot;:&quot;triangle-asymmetrical&quot;}\">\n\t\t\t\t\t<div class=\"elementor-shape elementor-shape-top\" aria-hidden=\"true\" data-negative=\"false\">\n\t\t\t<svg xmlns=\"http:\/\/www.w3.org\/2000\/svg\" viewBox=\"0 0 1000 100\" preserveAspectRatio=\"none\">\n\t<path class=\"elementor-shape-fill\" d=\"M738,99l262-93V0H0v5.6L738,99z\"\/>\n<\/svg>\t\t<\/div>\n\t\t\t\t\t<div class=\"elementor-container elementor-column-gap-extended\">\n\t\t\t\t\t<div class=\"elementor-column elementor-col-100 elementor-top-column elementor-element elementor-element-4a54339f sc_content_align_inherit sc_layouts_column_icons_position_left sc_fly_static\" data-id=\"4a54339f\" data-element_type=\"column\" data-e-type=\"column\">\n\t\t\t<div class=\"elementor-widget-wrap elementor-element-populated\">\n\t\t\t\t\t\t<div class=\"elementor-element elementor-element-56864a54 sc_fly_static elementor-widget elementor-widget-text-editor\" data-id=\"56864a54\" data-element_type=\"widget\" data-e-type=\"widget\" data-widget_type=\"text-editor.default\">\n\t\t\t\t<div class=\"elementor-widget-container\">\n\t\t\t\t\t\t\t\t\t<p><strong>SIAD<\/strong>, es la <strong>principal feria de alternativas acad\u00e9micas y orientaci\u00f3n vocacional<\/strong> del pa\u00eds. Organizada por Exhibits S.A. www.exhibits.cl, la exitosa experiencia de los 21 a\u00f1os de trayectoria, la consolidaci\u00f3n y constante crecimiento en el n\u00famero de instituciones participantes y asistentes, se ven reflejados en la participaci\u00f3n de m\u00e1s del 80% de las universidades estatales y privadas a nivel nacional.<\/p>\n<p>Institutos Profesionales, Centros de Formaci\u00f3n T\u00e9cnica y participaci\u00f3n de instituciones internacionales y 50.000 visitantes aprox., entre estudiantes, orientadores, profesores y apoderados. SIAD, es el gran punto de Encuentro, donde miles de estudiantes buscan informaci\u00f3n de mucha importancia para decidir su futuro, junto a diversas instituciones dispuestas a entregar esa informaci\u00f3n para que esa decisi\u00f3n tan trascendente sea tomada de manera informada.<\/p>\n<p><!-- \/wp:paragraph --><\/p>\t\t\t\t\t\t\t\t<\/div>\n\t\t\t\t<\/div>\n\t\t\t\t<div class=\"elementor-element elementor-element-a780b2e sc_fly_static elementor-widget elementor-widget-spacer\" data-id=\"a780b2e\" data-element_type=\"widget\" data-e-type=\"widget\" data-widget_type=\"spacer.default\">\n\t\t\t\t<div class=\"elementor-widget-container\">\n\t\t\t\t\t\t\t<div class=\"elementor-spacer\">\n\t\t\t<div class=\"elementor-spacer-inner\"><\/div>\n\t\t<\/div>\n\t\t\t\t\t\t<\/div>\n\t\t\t\t<\/div>\n\t\t\t\t\t<\/div>\n\t\t<\/div>\n\t\t\t\t\t<\/div>\n\t\t<\/section>\n\t\t\t\t<section class=\"elementor-section elementor-top-section elementor-element elementor-element-7b58f36 elementor-section-boxed elementor-section-height-default elementor-section-height-default sc_fly_static\" data-id=\"7b58f36\" data-element_type=\"section\" data-e-type=\"section\">\n\t\t\t\t\t\t<div class=\"elementor-container elementor-column-gap-extended\">\n\t\t\t\t\t<div class=\"elementor-column elementor-col-100 elementor-top-column elementor-element elementor-element-839dea6 sc_content_align_inherit sc_layouts_column_icons_position_left sc_fly_static\" data-id=\"839dea6\" data-element_type=\"column\" data-e-type=\"column\">\n\t\t\t<div class=\"elementor-widget-wrap elementor-element-populated\">\n\t\t\t\t\t\t<div class=\"elementor-element elementor-element-6f377df elementor-arrows-position-inside elementor-pagination-position-outside sc_fly_static elementor-widget elementor-widget-image-carousel\" data-id=\"6f377df\" data-element_type=\"widget\" data-e-type=\"widget\" data-settings=\"{&quot;navigation&quot;:&quot;both&quot;,&quot;autoplay&quot;:&quot;yes&quot;,&quot;pause_on_hover&quot;:&quot;yes&quot;,&quot;pause_on_interaction&quot;:&quot;yes&quot;,&quot;autoplay_speed&quot;:5000,&quot;infinite&quot;:&quot;yes&quot;,&quot;speed&quot;:500}\" data-widget_type=\"image-carousel.default\">\n\t\t\t\t<div class=\"elementor-widget-container\">\n\t\t\t\t\t\t\t<div class=\"elementor-image-carousel-wrapper swiper\" role=\"region\" aria-roledescription=\"carousel\" aria-label=\"Carrusel de im\u00e1genes\" dir=\"ltr\">\n\t\t\t<div class=\"elementor-image-carousel swiper-wrapper\" aria-live=\"off\">\n\t\t\t\t\t\t\t\t<div class=\"swiper-slide\" role=\"group\" aria-roledescription=\"slide\" aria-label=\"1 de 5\"><figure class=\"swiper-slide-inner\"><img decoding=\"async\" class=\"swiper-slide-image\" src=\"https:\/\/exhibits.cl\/cl\/wp-content\/uploads\/2026\/03\/sia09-300x200.jpg\" alt=\"MCA Festival 2025\" \/><\/figure><\/div><div class=\"swiper-slide\" role=\"group\" aria-roledescription=\"slide\" aria-label=\"2 de 5\"><figure class=\"swiper-slide-inner\"><img decoding=\"async\" class=\"swiper-slide-image\" src=\"https:\/\/exhibits.cl\/cl\/wp-content\/uploads\/2026\/03\/sia08-300x200.jpg\" alt=\"siad\" \/><\/figure><\/div><div class=\"swiper-slide\" role=\"group\" aria-roledescription=\"slide\" aria-label=\"3 de 5\"><figure class=\"swiper-slide-inner\"><img decoding=\"async\" class=\"swiper-slide-image\" src=\"https:\/\/exhibits.cl\/cl\/wp-content\/uploads\/2026\/03\/sia06-300x200.jpg\" alt=\"sia06\" \/><\/figure><\/div><div class=\"swiper-slide\" role=\"group\" aria-roledescription=\"slide\" aria-label=\"4 de 5\"><figure class=\"swiper-slide-inner\"><img decoding=\"async\" class=\"swiper-slide-image\" src=\"https:\/\/exhibits.cl\/cl\/wp-content\/uploads\/2026\/03\/Estudiantes-28-300x200.jpg\" alt=\"Estudiantes-28\" \/><\/figure><\/div><div class=\"swiper-slide\" role=\"group\" aria-roledescription=\"slide\" aria-label=\"5 de 5\"><figure class=\"swiper-slide-inner\"><img decoding=\"async\" class=\"swiper-slide-image\" src=\"https:\/\/exhibits.cl\/cl\/wp-content\/uploads\/2026\/03\/Estudiantes-23-300x200.jpg\" alt=\"Estudiantes-23\" \/><\/figure><\/div>\t\t\t<\/div>\n\t\t\t\t\t\t\t\t\t\t\t\t<div class=\"elementor-swiper-button elementor-swiper-button-prev\" role=\"button\" tabindex=\"0\">\n\t\t\t\t\t\t<i aria-hidden=\"true\" class=\"eicon-chevron-left\"><\/i>\t\t\t\t\t<\/div>\n\t\t\t\t\t<div class=\"elementor-swiper-button elementor-swiper-button-next\" role=\"button\" tabindex=\"0\">\n\t\t\t\t\t\t<i aria-hidden=\"true\" class=\"eicon-chevron-right\"><\/i>\t\t\t\t\t<\/div>\n\t\t\t\t\n\t\t\t\t\t\t\t\t\t<div class=\"swiper-pagination\"><\/div>\n\t\t\t\t\t\t\t\t\t<\/div>\n\t\t\t\t\t\t<\/div>\n\t\t\t\t<\/div>\n\t\t\t\t\t<\/div>\n\t\t<\/div>\n\t\t\t\t\t<\/div>\n\t\t<\/section>\n\t\t\t\t<\/div>\n\t\t","protected":false},"excerpt":{"rendered":"<p>SIAD, es la principal feria de alternativas acad\u00e9micas y orientaci\u00f3n vocacional del pa\u00eds. Organizada por Exhibits S.A. www.exhibits.cl, la exitosa experiencia de los 21 a\u00f1os de trayectoria, la consolidaci\u00f3n y&hellip;<\/p>\n","protected":false},"author":1,"featured_media":62304,"comment_status":"closed","ping_status":"open","sticky":false,"template":"elementor_header_footer","format":"standard","meta":{"footnotes":""},"categories":[307],"tags":[],"class_list":["post-62488","post","type-post","status-publish","format-standard","has-post-thumbnail","hentry","category-division-ferias-congresos"],"_links":{"self":[{"href":"https:\/\/exhibits.cl\/cl\/wp-json\/wp\/v2\/posts\/62488","targetHints":{"allow":["GET"]}}],"collection":[{"href":"https:\/\/exhibits.cl\/cl\/wp-json\/wp\/v2\/posts"}],"about":[{"href":"https:\/\/exhibits.cl\/cl\/wp-json\/wp\/v2\/types\/post"}],"author":[{"embeddable":true,"href":"https:\/\/exhibits.cl\/cl\/wp-json\/wp\/v2\/users\/1"}],"replies":[{"embeddable":true,"href":"https:\/\/exhibits.cl\/cl\/wp-json\/wp\/v2\/comments?post=62488"}],"version-history":[{"count":9,"href":"https:\/\/exhibits.cl\/cl\/wp-json\/wp\/v2\/posts\/62488\/revisions"}],"predecessor-version":[{"id":62523,"href":"https:\/\/exhibits.cl\/cl\/wp-json\/wp\/v2\/posts\/62488\/revisions\/62523"}],"wp:featuredmedia":[{"embeddable":true,"href":"https:\/\/exhibits.cl\/cl\/wp-json\/wp\/v2\/media\/62304"}],"wp:attachment":[{"href":"https:\/\/exhibits.cl\/cl\/wp-json\/wp\/v2\/media?parent=62488"}],"wp:term":[{"taxonomy":"category","embeddable":true,"href":"https:\/\/exhibits.cl\/cl\/wp-json\/wp\/v2\/categories?post=62488"},{"taxonomy":"post_tag","embeddable":true,"href":"https:\/\/exhibits.cl\/cl\/wp-json\/wp\/v2\/tags?post=62488"}],"curies":[{"name":"wp","href":"https:\/\/api.w.org\/{rel}","templated":true}]}}