{"id":298,"date":"2026-01-01T17:30:05","date_gmt":"2026-01-01T17:30:05","guid":{"rendered":"http:\/\/goahead.dv.axiomthemes.com\/?p=298"},"modified":"2026-03-24T00:23:14","modified_gmt":"2026-03-24T00:23:14","slug":"mca-festival-2025-2","status":"publish","type":"post","link":"https:\/\/exhibits.cl\/cl\/mca-festival-2025-2\/","title":{"rendered":"MCA Festival 2025 &#8211; Es tiempo de un cambio interior"},"content":{"rendered":"\t\t<div data-elementor-type=\"wp-post\" data-elementor-id=\"298\" class=\"elementor elementor-298\">\n\t\t\t\t\t\t<section class=\"elementor-section elementor-top-section elementor-element elementor-element-47e55431 elementor-section-boxed elementor-section-height-default elementor-section-height-default sc_fly_static\" data-id=\"47e55431\" data-element_type=\"section\" data-e-type=\"section\" data-settings=\"{&quot;shape_divider_top&quot;:&quot;triangle-asymmetrical&quot;}\">\n\t\t\t\t\t<div class=\"elementor-shape elementor-shape-top\" aria-hidden=\"true\" data-negative=\"false\">\n\t\t\t<svg xmlns=\"http:\/\/www.w3.org\/2000\/svg\" viewBox=\"0 0 1000 100\" preserveAspectRatio=\"none\">\n\t<path class=\"elementor-shape-fill\" d=\"M738,99l262-93V0H0v5.6L738,99z\"\/>\n<\/svg>\t\t<\/div>\n\t\t\t\t\t<div class=\"elementor-container elementor-column-gap-extended\">\n\t\t\t\t\t<div class=\"elementor-column elementor-col-100 elementor-top-column elementor-element elementor-element-4a54339f sc_content_align_inherit sc_layouts_column_icons_position_left sc_fly_static\" data-id=\"4a54339f\" data-element_type=\"column\" data-e-type=\"column\">\n\t\t\t<div class=\"elementor-widget-wrap elementor-element-populated\">\n\t\t\t\t\t\t<div class=\"elementor-element elementor-element-56864a54 sc_fly_static elementor-widget elementor-widget-text-editor\" data-id=\"56864a54\" data-element_type=\"widget\" data-e-type=\"widget\" data-widget_type=\"text-editor.default\">\n\t\t\t\t<div class=\"elementor-widget-container\">\n\t\t\t\t\t\t\t\t\t\n<p class=\"has-drop-cap\"><strong>Gracias!<\/strong><span data-slate-node=\"text\"><span class=\"_base_t4qxl_61\" data-slate-leaf=\"true\">\u00a0a los <b>miles de visitantes<\/b>\u00a0que llegaron con corazones abiertos y mentes curiosas, gracias por sumergirse en cada conferencia y por llevarse a casa nuevas perspectivas que, sin duda, resonar\u00e1n en su mundo interior. Cada uno de ustedes ha contribuido a crear una atm\u00f3sfera vibrante y llena de energ\u00eda positiva.<\/span><\/span><\/p>\n<div class=\"_lineContent_t4qxl_32\">\u00a0<\/div>\n<div class=\"_lineContent_t4qxl_32\"><span data-slate-node=\"text\"><span class=\"_base_t4qxl_61\" data-slate-leaf=\"true\">A nuestros distinguidos conferencistas, su sabidur\u00eda y pasi\u00f3n han dejado una huella profunda en todos nosotros. Gracias por inspirarnos y por compartir su conocimiento, gui\u00e1ndonos en un camino de autodescubrimiento y conexi\u00f3n genuina con nuestro ser interior.<\/span><\/span><\/div>\n<div class=\"_lineContent_t4qxl_32\">\u00a0<\/div>\n<div class=\"_lineContent_t4qxl_32\"><span data-slate-node=\"text\"><span class=\"_base_t4qxl_61\" data-slate-leaf=\"true\">A las empresas expositoras, su compromiso y apoyo fueron esenciales para el \u00e9xito del festival. Juntos creamos un espacio donde las ideas florecen y las conexiones se fortalecen, permiti\u00e9ndonos explorar nuevas posibilidades y visiones del futuro.<\/span><\/span><\/div>\n<div class=\"_lineContent_t4qxl_32\">\u00a0<\/div>\n<div class=\"_lineContent_t4qxl_32\"><span data-slate-node=\"text\"><span class=\"_base_t4qxl_61\" data-slate-leaf=\"true\">Este festival se ha convertido en una gran oportunidad para procesar y reflexionar sobre qui\u00e9nes somos y hacia d\u00f3nde queremos dirigirnos. Cada charla, cada encuentro, cada sonrisa compartida ha sido un paso hacia el fortalecimiento de nuestra comunidad.<\/span><\/span><\/div>\n<div class=\"_lineContent_t4qxl_32\">\u00a0<\/div>\n<div class=\"_lineContent_t4qxl_32\"><span data-slate-node=\"text\"><span class=\"_base_t4qxl_61\" data-slate-leaf=\"true\">Sigamos llevando la energ\u00eda de<b>\u00a0MCA Festival\u00a0<\/b>en nuestros corazones y compartamos lo aprendido con el mundo que nos rodea. Juntos, podemos seguir construyendo un espacio luminoso de paz, amor, fraternidad, crecimiento y transformaci\u00f3n.<\/span><\/span><\/div>\n\t\t\t\t\t\t\t\t<\/div>\n\t\t\t\t<\/div>\n\t\t\t\t<div class=\"elementor-element elementor-element-a780b2e sc_fly_static elementor-widget elementor-widget-spacer\" data-id=\"a780b2e\" data-element_type=\"widget\" data-e-type=\"widget\" data-widget_type=\"spacer.default\">\n\t\t\t\t<div class=\"elementor-widget-container\">\n\t\t\t\t\t\t\t<div class=\"elementor-spacer\">\n\t\t\t<div class=\"elementor-spacer-inner\"><\/div>\n\t\t<\/div>\n\t\t\t\t\t\t<\/div>\n\t\t\t\t<\/div>\n\t\t\t\t\t<\/div>\n\t\t<\/div>\n\t\t\t\t\t<\/div>\n\t\t<\/section>\n\t\t\t\t<section class=\"elementor-section elementor-top-section elementor-element elementor-element-7b58f36 elementor-section-boxed elementor-section-height-default elementor-section-height-default sc_fly_static\" data-id=\"7b58f36\" data-element_type=\"section\" data-e-type=\"section\">\n\t\t\t\t\t\t<div class=\"elementor-container elementor-column-gap-extended\">\n\t\t\t\t\t<div class=\"elementor-column elementor-col-100 elementor-top-column elementor-element elementor-element-839dea6 sc_content_align_inherit sc_layouts_column_icons_position_left sc_fly_static\" data-id=\"839dea6\" data-element_type=\"column\" data-e-type=\"column\">\n\t\t\t<div class=\"elementor-widget-wrap elementor-element-populated\">\n\t\t\t\t\t\t<div class=\"elementor-element elementor-element-6f377df elementor-arrows-position-inside elementor-pagination-position-outside sc_fly_static elementor-widget elementor-widget-image-carousel\" data-id=\"6f377df\" data-element_type=\"widget\" data-e-type=\"widget\" data-settings=\"{&quot;navigation&quot;:&quot;both&quot;,&quot;autoplay&quot;:&quot;yes&quot;,&quot;pause_on_hover&quot;:&quot;yes&quot;,&quot;pause_on_interaction&quot;:&quot;yes&quot;,&quot;autoplay_speed&quot;:5000,&quot;infinite&quot;:&quot;yes&quot;,&quot;speed&quot;:500}\" data-widget_type=\"image-carousel.default\">\n\t\t\t\t<div class=\"elementor-widget-container\">\n\t\t\t\t\t\t\t<div class=\"elementor-image-carousel-wrapper swiper\" role=\"region\" aria-roledescription=\"carousel\" aria-label=\"Carrusel de im\u00e1genes\" dir=\"ltr\">\n\t\t\t<div class=\"elementor-image-carousel swiper-wrapper\" aria-live=\"off\">\n\t\t\t\t\t\t\t\t<div class=\"swiper-slide\" role=\"group\" aria-roledescription=\"slide\" aria-label=\"1 de 4\"><figure class=\"swiper-slide-inner\"><img decoding=\"async\" class=\"swiper-slide-image\" src=\"https:\/\/exhibits.cl\/cl\/wp-content\/uploads\/2026\/03\/DSC04817-300x200.jpg\" alt=\"DSC04817\" \/><\/figure><\/div><div class=\"swiper-slide\" role=\"group\" aria-roledescription=\"slide\" aria-label=\"2 de 4\"><figure class=\"swiper-slide-inner\"><img decoding=\"async\" class=\"swiper-slide-image\" src=\"https:\/\/exhibits.cl\/cl\/wp-content\/uploads\/2026\/03\/galeria02_batch-300x200.jpg\" alt=\"galeria02_batch\" \/><\/figure><\/div><div class=\"swiper-slide\" role=\"group\" aria-roledescription=\"slide\" aria-label=\"3 de 4\"><figure class=\"swiper-slide-inner\"><img decoding=\"async\" class=\"swiper-slide-image\" src=\"https:\/\/exhibits.cl\/cl\/wp-content\/uploads\/2026\/03\/MCA-Daniel-Dom-328-copia-300x200.jpg\" alt=\"MCA Daniel Dom-328 copia\" \/><\/figure><\/div><div class=\"swiper-slide\" role=\"group\" aria-roledescription=\"slide\" aria-label=\"4 de 4\"><figure class=\"swiper-slide-inner\"><img decoding=\"async\" class=\"swiper-slide-image\" src=\"https:\/\/exhibits.cl\/cl\/wp-content\/uploads\/2026\/03\/galeria01_batch-300x200.jpg\" alt=\"galeria01_batch\" \/><\/figure><\/div>\t\t\t<\/div>\n\t\t\t\t\t\t\t\t\t\t\t\t<div class=\"elementor-swiper-button elementor-swiper-button-prev\" role=\"button\" tabindex=\"0\">\n\t\t\t\t\t\t<i aria-hidden=\"true\" class=\"eicon-chevron-left\"><\/i>\t\t\t\t\t<\/div>\n\t\t\t\t\t<div class=\"elementor-swiper-button elementor-swiper-button-next\" role=\"button\" tabindex=\"0\">\n\t\t\t\t\t\t<i aria-hidden=\"true\" class=\"eicon-chevron-right\"><\/i>\t\t\t\t\t<\/div>\n\t\t\t\t\n\t\t\t\t\t\t\t\t\t<div class=\"swiper-pagination\"><\/div>\n\t\t\t\t\t\t\t\t\t<\/div>\n\t\t\t\t\t\t<\/div>\n\t\t\t\t<\/div>\n\t\t\t\t\t<\/div>\n\t\t<\/div>\n\t\t\t\t\t<\/div>\n\t\t<\/section>\n\t\t\t\t<\/div>\n\t\t","protected":false},"excerpt":{"rendered":"<p>Gracias!\u00a0a los miles de visitantes\u00a0que llegaron con corazones abiertos y mentes curiosas, gracias por sumergirse en cada conferencia y por llevarse a casa nuevas perspectivas que, sin duda, resonar\u00e1n en&hellip;<\/p>\n","protected":false},"author":1,"featured_media":62331,"comment_status":"closed","ping_status":"open","sticky":false,"template":"elementor_header_footer","format":"standard","meta":{"footnotes":""},"categories":[265],"tags":[261,262,263,264],"class_list":["post-298","post","type-post","status-publish","format-standard","has-post-thumbnail","hentry","category-novedades","tag-article","tag-blog","tag-business","tag-news"],"_links":{"self":[{"href":"https:\/\/exhibits.cl\/cl\/wp-json\/wp\/v2\/posts\/298","targetHints":{"allow":["GET"]}}],"collection":[{"href":"https:\/\/exhibits.cl\/cl\/wp-json\/wp\/v2\/posts"}],"about":[{"href":"https:\/\/exhibits.cl\/cl\/wp-json\/wp\/v2\/types\/post"}],"author":[{"embeddable":true,"href":"https:\/\/exhibits.cl\/cl\/wp-json\/wp\/v2\/users\/1"}],"replies":[{"embeddable":true,"href":"https:\/\/exhibits.cl\/cl\/wp-json\/wp\/v2\/comments?post=298"}],"version-history":[{"count":42,"href":"https:\/\/exhibits.cl\/cl\/wp-json\/wp\/v2\/posts\/298\/revisions"}],"predecessor-version":[{"id":62592,"href":"https:\/\/exhibits.cl\/cl\/wp-json\/wp\/v2\/posts\/298\/revisions\/62592"}],"wp:featuredmedia":[{"embeddable":true,"href":"https:\/\/exhibits.cl\/cl\/wp-json\/wp\/v2\/media\/62331"}],"wp:attachment":[{"href":"https:\/\/exhibits.cl\/cl\/wp-json\/wp\/v2\/media?parent=298"}],"wp:term":[{"taxonomy":"category","embeddable":true,"href":"https:\/\/exhibits.cl\/cl\/wp-json\/wp\/v2\/categories?post=298"},{"taxonomy":"post_tag","embeddable":true,"href":"https:\/\/exhibits.cl\/cl\/wp-json\/wp\/v2\/tags?post=298"}],"curies":[{"name":"wp","href":"https:\/\/api.w.org\/{rel}","templated":true}]}}